{"id":532,"date":"2012-03-31T22:40:53","date_gmt":"2012-03-31T22:40:53","guid":{"rendered":"http:\/\/computable.cl\/blog\/?p=532"},"modified":"2012-04-04T18:02:07","modified_gmt":"2012-04-04T18:02:07","slug":"somos-iguales-en-la-diferencia","status":"publish","type":"post","link":"http:\/\/www.computable.cl\/blog\/?p=532","title":{"rendered":"Somos iguales en la diferencia."},"content":{"rendered":"<p>Por estos d\u00edas en Chile, una mancha quedar\u00e1 en la solapa de una democracia precaria, precoz y feble. Un grupo de resentidos y bloqueados mentales mataron a un muchacho por el s\u00f3lo hecho de su condici\u00f3n sexual. Daniel es y ser\u00e1 el m\u00e1rtir que iluminar\u00e1 las reivindicaciones de las minor\u00edas sexuales en nuestro pa\u00eds por mucho tiempo. \u00bfQu\u00e9 esta alimentando la crueldad de nuestros muchachos y que hace que se escondan detr\u00e1s de una ideolog\u00eda tan nefasta como el fascismo? La intolerancia, la discriminaci\u00f3n, la segregaci\u00f3n son formas de catalizar frustraciones y resentimiento. No confundamos y afirmamos que \u00e9sta tragedia tiene algo que ver con ideolog\u00edas, sino por el contrario, tiene una profunda ra\u00edz en esta sociedad de hedonistas que hemos y estamos construyendo. Quienes manifiestan racismo, siendo tan mestizos como quienes amedrentan, son un vivo ejemplo de que un acto cruel como \u00e9ste, tiene por combustible otros insumos, menos evidentes y f\u00e1ciles en descubrir. Nuestra sociedad, al igual que muchas sociedades desarrolladas, sin ser una de ellas, fomenta las exclusiones, no basada por esteriotipos, sino por simple supresi\u00f3n. Hay quienes no existen para el sistema, no son blancos, no son negros, no son pobres, no son ricos, no son homosexuales, no son mujeres, sino pueden llegar a ser simplemente cualquiera de nosotros. Quiero ser cuidadoso en poner el \u00e9nfasis correcto en lo \u00faltimo que afirmo, no discriminamos basado en definiciones de un libro, sino, peor aun, en la mayor\u00eda de los casos discriminamos por conformidad con lo que nos es impuesto. Evidencias de esto sobran, vemos que se nos definen d\u00eda a d\u00eda cuales son y deben ser los esteriotipos de individuos que debemos sustentar, los que distan en forma y fondo de todos quienes somos los que caminamos por las calles. \u00bfQuienes de nosotros viven en palacios, tienen cuerpos dorados y todos recursos y cualidades desproporcionados? Hay una fuerte tensi\u00f3n entre lo que somos y lo que nos imponen de lo que tenemos que ser. Racismos es un efecto secundario, la escoria de aquella segregaci\u00f3n aleatoria colectiva permanente, el resentimiento acumulado tiene una vez m\u00e1s \u00a0manifestaci\u00f3n extrema, este crimen.<\/p>\n<p>Todos somos igualmente diferentes, nuestras diferencias constituyen la cosa fundamental que nos asemeja unos a otros. Como especie, somos el resultado de una depuraci\u00f3n, si es que podemos hablar de alguna, que nos ha hecho caminar erguidos sobre nuestras piernas y mirarnos de frente, podemos as\u00ed vernos, observarnos y as\u00ed constatar, que lo \u00fanico que realmente nos diferencia es sutil y et\u00e9reo. Nuestras conciencias, aquella que habita entre un enjambre de \u00a0neuronas, que de uno a otro es una replica de los mismo patrones electr\u00f3nicos, no puede sino corroborar nuestra alambicada arquitectura, ese dise\u00f1o que nos define y hace de cada individuo una\u00a0 nueva instancia, una nueva combinatoria de reglas y sus conjugaciones. Entonces, si nos volvemos a preguntar \u00bfqu\u00e9 hace la diferencia? Pues nada, s\u00f3lo podemos distinguirnos, singularizarnos, por los gustos e interpretaciones de como nos movemos por los mismo lugares, y por aquellas acciones que ejecutamos. Aquellos muchachos que torturaron y mataron, son por tanto excluyentemente diferentes, ya que sus acciones son singulares y nocivas para nuestro reba\u00f1o, ellos y sus visiones destructivas, aniquilantes son las que deben ser marginadas y aisladas en escarmiento. S\u00ed, a pesar de esos actos, somos iguales en la diferencia.<\/p>\n","protected":false},"excerpt":{"rendered":"<p>Por estos d\u00edas en Chile, una mancha quedar\u00e1 en la solapa de una democracia precaria, precoz y feble. Un grupo de resentidos y bloqueados mentales mataron a un muchacho por el s\u00f3lo hecho de su condici\u00f3n sexual. Daniel es y ser\u00e1 el m\u00e1rtir que iluminar\u00e1 las reivindicaciones de las minor\u00edas sexuales en nuestro pa\u00eds por<a class=\"read-more \" href=\"http:\/\/www.computable.cl\/blog\/?p=532\" title=\"Read More\"> <span class=\"button default\">Read More<\/span><\/a><\/p>\n","protected":false},"author":1,"featured_media":0,"comment_status":"open","ping_status":"open","sticky":false,"template":"","format":"standard","meta":{"footnotes":""},"categories":[],"tags":[],"class_list":["post-532","post","type-post","status-publish","format-standard","hentry"],"_links":{"self":[{"href":"http:\/\/www.computable.cl\/blog\/index.php?rest_route=\/wp\/v2\/posts\/532","targetHints":{"allow":["GET"]}}],"collection":[{"href":"http:\/\/www.computable.cl\/blog\/index.php?rest_route=\/wp\/v2\/posts"}],"about":[{"href":"http:\/\/www.computable.cl\/blog\/index.php?rest_route=\/wp\/v2\/types\/post"}],"author":[{"embeddable":true,"href":"http:\/\/www.computable.cl\/blog\/index.php?rest_route=\/wp\/v2\/users\/1"}],"replies":[{"embeddable":true,"href":"http:\/\/www.computable.cl\/blog\/index.php?rest_route=%2Fwp%2Fv2%2Fcomments&post=532"}],"version-history":[{"count":4,"href":"http:\/\/www.computable.cl\/blog\/index.php?rest_route=\/wp\/v2\/posts\/532\/revisions"}],"predecessor-version":[{"id":538,"href":"http:\/\/www.computable.cl\/blog\/index.php?rest_route=\/wp\/v2\/posts\/532\/revisions\/538"}],"wp:attachment":[{"href":"http:\/\/www.computable.cl\/blog\/index.php?rest_route=%2Fwp%2Fv2%2Fmedia&parent=532"}],"wp:term":[{"taxonomy":"category","embeddable":true,"href":"http:\/\/www.computable.cl\/blog\/index.php?rest_route=%2Fwp%2Fv2%2Fcategories&post=532"},{"taxonomy":"post_tag","embeddable":true,"href":"http:\/\/www.computable.cl\/blog\/index.php?rest_route=%2Fwp%2Fv2%2Ftags&post=532"}],"curies":[{"name":"wp","href":"https:\/\/api.w.org\/{rel}","templated":true}]}}